{"id":283,"date":"2026-03-25T11:50:28","date_gmt":"2026-03-25T11:50:28","guid":{"rendered":"https:\/\/www.myclinia.com\/?p=283"},"modified":"2026-03-25T11:51:26","modified_gmt":"2026-03-25T11:51:26","slug":"enfants-creche-virus-hiver","status":"publish","type":"post","link":"https:\/\/www.myclinia.com\/es\/2026\/03\/25\/enfants-creche-virus-hiver\/","title":{"rendered":"Pourquoi les enfants attrapent-ils tout \u00e0 la cr\u00e8che ? Comprendre et g\u00e9rer les virus de l\u2019hiver"},"content":{"rendered":"<p>\u00ab Un mois de cr\u00e8che, trois angines et deux bronchites. \u00bb Pour beaucoup de parents, l\u2019entr\u00e9e en collectivit\u00e9 ressemble \u00e0 un marathon de sant\u00e9. Face \u00e0 la r\u00e9p\u00e9tition des nez qui coulent et des pics de fi\u00e8vre, une question revient souvent : pourquoi la cr\u00e8che semble-t-elle \u00eatre un tel \u00ab\u00a0bouillon de culture\u00a0\u00bb ?<\/p>\n\n\n\n<h2 class=\"wp-block-heading\">La cr\u00e8che : une \u00ab\u00a0salle de sport\u00a0\u00bb pour le syst\u00e8me immunitaire<\/h2>\n\n\n\n<p>Si votre enfant encha\u00eene les rhumes, ce n\u2019est pas (seulement) une question de malchance. C\u2019est avant tout une \u00e9tape biologique n\u00e9cessaire.<\/p>\n\n\n\n<ol start=\"1\" class=\"wp-block-list\">\n<li><strong>Un syst\u00e8me en plein apprentissage :<\/strong> \u00c0 la naissance, le syst\u00e8me immunitaire est \u00ab\u00a0neuf\u00a0\u00bb. Il poss\u00e8de les anticorps transmis par la m\u00e8re, mais il doit apprendre \u00e0 fabriquer les siens. Chaque virus rencontr\u00e9 est une information enregistr\u00e9e par son corps pour mieux se d\u00e9fendre \u00e0 l&rsquo;avenir.<\/li>\n\n\n\n<li><strong>La promiscuit\u00e9 in\u00e9vitable :<\/strong> Les jeunes enfants explorent le monde avec leurs mains et leur bouche. Ils partagent des jouets, se touchent, et ne ma\u00eetrisent pas encore les \u00ab\u00a0gestes barri\u00e8res\u00a0\u00bb. Dans un espace clos comme une section de cr\u00e8che, la propagation des gouttelettes respiratoires est quasi instantan\u00e9e.<\/li>\n\n\n\n<li><strong>Le portage asymptomatique :<\/strong> Un enfant peut \u00eatre contagieux avant m\u00eame d&rsquo;avoir de la fi\u00e8vre ou de tousser. Cela rend l&rsquo;\u00e9viction pr\u00e9ventive tr\u00e8s difficile pour les professionnels de la petite enfance.<\/li>\n<\/ol>\n\n\n\n<h2 class=\"wp-block-heading\">Qu&rsquo;est-ce qu&rsquo;une maladie virale exactement ?<\/h2>\n\n\n\n<p>Contrairement aux infections bact\u00e9riennes (qui se soignent avec des antibiotiques), les maladies virales sont caus\u00e9es par des <strong>virus<\/strong>. Ce sont des agents microscopiques qui ont besoin des cellules de l&rsquo;enfant pour se multiplier.<\/p>\n\n\n\n<ul class=\"wp-block-list\">\n<li><strong>Les sympt\u00f4mes classiques :<\/strong> Fi\u00e8vre, fatigue, perte d&rsquo;app\u00e9tit, nez bouch\u00e9 ou troubles digestifs.<\/li>\n\n\n\n<li><strong>Le traitement :<\/strong> Pour la plupart des virus courants (rhumes, bronchiolites b\u00e9nignes, gastro-ent\u00e9rites), le traitement consiste surtout \u00e0 soulager les sympt\u00f4mes : moucher le nez, hydrater l&rsquo;enfant et surveiller la temp\u00e9rature.<\/li>\n<\/ul>\n\n\n\n<h2 class=\"wp-block-heading\">Faut-il regretter le choix de la cr\u00e8che ?<\/h2>\n\n\n\n<p>Malgr\u00e9 les nuits \u00e9court\u00e9es par la toux, la collectivit\u00e9 reste un environnement extr\u00eamement riche pour l&rsquo;enfant :<\/p>\n\n\n\n<ul class=\"wp-block-list\">\n<li><strong>Socialisation pr\u00e9coce :<\/strong> Apprendre \u00e0 vivre avec les autres, partager et interagir.<\/li>\n\n\n\n<li><strong>D\u00e9veloppement cognitif :<\/strong> Acc\u00e8s \u00e0 des activit\u00e9s d&rsquo;\u00e9veil vari\u00e9es et encadr\u00e9es.<\/li>\n\n\n\n<li><strong>Immunit\u00e9 renforc\u00e9e pour plus tard :<\/strong> Plusieurs \u00e9tudes sugg\u00e8rent que les enfants qui ont \u00e9t\u00e9 beaucoup expos\u00e9s aux virus en cr\u00e8che sont souvent moins malades lors de leur entr\u00e9e \u00e0 la \u00ab\u00a0grande \u00e9cole\u00a0\u00bb (CP), car leur bouclier immunitaire est d\u00e9j\u00e0 bien entra\u00een\u00e9.<\/li>\n<\/ul>\n\n\n\n<h2 class=\"wp-block-heading\">Les bons r\u00e9flexes pour limiter la casse<\/h2>\n\n\n\n<p>On ne peut pas tout \u00e9viter, mais on peut freiner la transmission :<\/p>\n\n\n\n<ul class=\"wp-block-list\">\n<li><strong>Le lavage des mains :<\/strong> C\u2019est la r\u00e8gle d\u2019or, pour l&rsquo;enfant comme pour les parents d\u00e8s le retour \u00e0 la maison.<\/li>\n\n\n\n<li><strong>Le nettoyage du nez :<\/strong> Un lavage de nez r\u00e9gulier au s\u00e9rum physiologique permet d&rsquo;\u00e9vacuer les germes avant qu&rsquo;ils ne descendent sur les bronches.<\/li>\n\n\n\n<li><strong>Le respect des vaccins :<\/strong> Ils prot\u00e8gent contre les maladies virales et bact\u00e9riennes les plus graves.<\/li>\n<\/ul>\n\n\n\n<hr class=\"wp-block-separator has-alpha-channel-opacity\"\/>\n\n\n\n<p><em>Votre enfant a de la fi\u00e8vre ou un comportement qui vous inqui\u00e8te ? Nos p\u00e9diatres et experts en petite enfance sont disponibles sur MyClinia pour r\u00e9pondre \u00e0 vos questions et vous guider sur la marche \u00e0 suivre.<\/em><\/p>\n\n\n\n<div style=\"background-color: #f0f7ff; padding: 30px; border-radius: 20px; border: 1px solid #004a99; text-align: center; margin-top: 40px;\">\n    <h3 style=\"color: #004a99; margin-top: 0;\">Un doute ? Ne restez pas sans r\u00e9ponse.<\/h3>\n    <p style=\"color: #4b5563; margin-bottom: 25px;\">Nos pharmaciens experts vous r\u00e9pondent imm\u00e9diatement.<\/p>\n    \n    <div style=\"display: flex; gap: 15px; justify-content: center; flex-wrap: wrap;\">\n        <a href=\"https:\/\/www.myclinia.com\/es\/clinia-chat-bleu\/\" style=\"background-color: #004a99; color: white; padding: 12px 25px; border-radius: 12px; text-decoration: none; font-weight: bold; display: inline-block;\">\n            \ud83d\udc68\u200d\u2695\ufe0f Conseil M\u00e9dical\n        <\/a>\n        \n        <a href=\"https:\/\/www.myclinia.com\/es\/clinia-chat-vert\/\" style=\"background-color: #16a34a; color: white; padding: 12px 25px; border-radius: 12px; text-decoration: none; font-weight: bold; display: inline-block;\">\n            \ud83c\udf3f Phyto &#038; Hom\u00e9o\n        <\/a>\n    <\/div>\n<\/div>","protected":false},"excerpt":{"rendered":"<p>\u00ab Un mois de cr\u00e8che, trois angines et deux bronchites. \u00bb Pour beaucoup de parents, l\u2019entr\u00e9e en collectivit\u00e9 ressemble \u00e0 [&hellip;]<\/p>\n","protected":false},"author":1,"featured_media":0,"comment_status":"open","ping_status":"open","sticky":false,"template":"","format":"standard","meta":{"site-sidebar-layout":"default","site-content-layout":"","ast-site-content-layout":"default","site-content-style":"default","site-sidebar-style":"default","ast-global-header-display":"","ast-banner-title-visibility":"","ast-main-header-display":"","ast-hfb-above-header-display":"","ast-hfb-below-header-display":"","ast-hfb-mobile-header-display":"","site-post-title":"","ast-breadcrumbs-content":"","ast-featured-img":"","footer-sml-layout":"","ast-disable-related-posts":"","theme-transparent-header-meta":"","adv-header-id-meta":"","stick-header-meta":"","header-above-stick-meta":"","header-main-stick-meta":"","header-below-stick-meta":"","astra-migrate-meta-layouts":"default","ast-page-background-enabled":"default","ast-page-background-meta":{"desktop":{"background-color":"var(--ast-global-color-5)","background-image":"","background-repeat":"repeat","background-position":"center center","background-size":"auto","background-attachment":"scroll","background-type":"","background-media":"","overlay-type":"","overlay-color":"","overlay-opacity":"","overlay-gradient":""},"tablet":{"background-color":"","background-image":"","background-repeat":"repeat","background-position":"center center","background-size":"auto","background-attachment":"scroll","background-type":"","background-media":"","overlay-type":"","overlay-color":"","overlay-opacity":"","overlay-gradient":""},"mobile":{"background-color":"","background-image":"","background-repeat":"repeat","background-position":"center center","background-size":"auto","background-attachment":"scroll","background-type":"","background-media":"","overlay-type":"","overlay-color":"","overlay-opacity":"","overlay-gradient":""}},"ast-content-background-meta":{"desktop":{"background-color":"var(--ast-global-color-4)","background-image":"","background-repeat":"repeat","background-position":"center center","background-size":"auto","background-attachment":"scroll","background-type":"","background-media":"","overlay-type":"","overlay-color":"","overlay-opacity":"","overlay-gradient":""},"tablet":{"background-color":"var(--ast-global-color-4)","background-image":"","background-repeat":"repeat","background-position":"center center","background-size":"auto","background-attachment":"scroll","background-type":"","background-media":"","overlay-type":"","overlay-color":"","overlay-opacity":"","overlay-gradient":""},"mobile":{"background-color":"var(--ast-global-color-4)","background-image":"","background-repeat":"repeat","background-position":"center center","background-size":"auto","background-attachment":"scroll","background-type":"","background-media":"","overlay-type":"","overlay-color":"","overlay-opacity":"","overlay-gradient":""}},"footnotes":""},"categories":[57],"tags":[132,103,131,134,133],"class_list":["post-283","post","type-post","status-publish","format-standard","hentry","category-sante-au-quotidien","tag-creche","tag-enfant","tag-enfants","tag-hiver","tag-virus"],"_links":{"self":[{"href":"https:\/\/www.myclinia.com\/es\/wp-json\/wp\/v2\/posts\/283","targetHints":{"allow":["GET"]}}],"collection":[{"href":"https:\/\/www.myclinia.com\/es\/wp-json\/wp\/v2\/posts"}],"about":[{"href":"https:\/\/www.myclinia.com\/es\/wp-json\/wp\/v2\/types\/post"}],"author":[{"embeddable":true,"href":"https:\/\/www.myclinia.com\/es\/wp-json\/wp\/v2\/users\/1"}],"replies":[{"embeddable":true,"href":"https:\/\/www.myclinia.com\/es\/wp-json\/wp\/v2\/comments?post=283"}],"version-history":[{"count":1,"href":"https:\/\/www.myclinia.com\/es\/wp-json\/wp\/v2\/posts\/283\/revisions"}],"predecessor-version":[{"id":284,"href":"https:\/\/www.myclinia.com\/es\/wp-json\/wp\/v2\/posts\/283\/revisions\/284"}],"wp:attachment":[{"href":"https:\/\/www.myclinia.com\/es\/wp-json\/wp\/v2\/media?parent=283"}],"wp:term":[{"taxonomy":"category","embeddable":true,"href":"https:\/\/www.myclinia.com\/es\/wp-json\/wp\/v2\/categories?post=283"},{"taxonomy":"post_tag","embeddable":true,"href":"https:\/\/www.myclinia.com\/es\/wp-json\/wp\/v2\/tags?post=283"}],"curies":[{"name":"wp","href":"https:\/\/api.w.org\/{rel}","templated":true}]}}