{"id":296,"date":"2026-03-31T07:52:04","date_gmt":"2026-03-31T07:52:04","guid":{"rendered":"https:\/\/www.myclinia.com\/?p=296"},"modified":"2026-03-31T07:53:45","modified_gmt":"2026-03-31T07:53:45","slug":"paralysie-bell-enfant","status":"publish","type":"post","link":"https:\/\/www.myclinia.com\/en\/2026\/03\/31\/paralysie-bell-enfant\/","title":{"rendered":"Paralysie de Bell chez l\u2019enfant : Comprendre, rassurer et agir"},"content":{"rendered":"<p>La d\u00e9couverte d&rsquo;une paralysie faciale chez un enfant, surtout lorsqu&rsquo;elle touche un petit de 4 ans, est une exp\u00e9rience particuli\u00e8rement impressionnante pour les parents. L&rsquo;\u0153il qui ne se ferme plus et le visage qui se fige d&rsquo;un c\u00f4t\u00e9 d\u00e9clenchent imm\u00e9diatement une grande inqui\u00e9tude. <strong>Qu\u2019est-ce que la paralysie de Bell et comment r\u00e9agir ?<\/strong> Nos experts MyClinia font le point.<\/p>\n\n\n\n<h2 class=\"wp-block-heading\">Qu\u2019est-ce que la paralysie de Bell ?<\/h2>\n\n\n\n<p>La paralysie de Bell est une faiblesse soudaine ou une paralysie qui ne touche qu\u2019un seul c\u00f4t\u00e9 du visage. Elle est caus\u00e9e par l\u2019inflammation du <strong>nerf facial<\/strong>, qui contr\u00f4le les muscles de l\u2019expression, la fermeture de l\u2019\u0153il et parfois le go\u00fbt.<\/p>\n\n\n\n<p>Bien que spectaculaire, il s&rsquo;agit d&rsquo;une affection g\u00e9n\u00e9ralement b\u00e9nigne qui touche aussi bien les adultes que les jeunes enfants.<\/p>\n\n\n\n<h2 class=\"wp-block-heading\">Pourquoi mon enfant a-t-il cela ?<\/h2>\n\n\n\n<p>La cause exacte reste parfois myst\u00e9rieuse, mais elle est tr\u00e8s souvent li\u00e9e \u00e0 une <strong>r\u00e9action immunitaire<\/strong> suite \u00e0 une infection virale courante :<\/p>\n\n\n\n<ul class=\"wp-block-list\">\n<li>Le virus de l\u2019herp\u00e8s simplex (boutons de fi\u00e8vre).<\/li>\n\n\n\n<li>Le virus de la varicelle.<\/li>\n\n\n\n<li>Des infections respiratoires r\u00e9centes (grippe, rhume).<\/li>\n<\/ul>\n\n\n\n<blockquote class=\"wp-block-quote is-layout-flow wp-block-quote-is-layout-flow\">\n<p><strong>Important :<\/strong> La paralysie de Bell n\u2019est <strong>pas contagieuse<\/strong>. Si un membre de la famille est malade, il ne peut pas \u00ab\u00a0transmettre\u00a0\u00bb la paralysie \u00e0 un autre, m\u00eame si les facteurs de risque viraux circulent.<\/p>\n<\/blockquote>\n\n\n\n<h2 class=\"wp-block-heading\">Cas particulier : La grossesse<\/h2>\n\n\n\n<p>On nous demande souvent si une maman enceinte risque d&rsquo;attraper la paralysie de son enfant. La r\u00e9ponse est <strong>non<\/strong>.<\/p>\n\n\n\n<p>Cependant, il est vrai que les femmes enceintes (surtout au 3\u00e8me trimestre) ont un risque statistiquement plus \u00e9lev\u00e9 de d\u00e9velopper elles-m\u00eames une paralysie de Bell \u00e0 cause des changements hormonaux. Si vous \u00eates enceinte et inqui\u00e8te, n&rsquo;h\u00e9sitez pas \u00e0 en parler \u00e0 votre sage-femme ou m\u00e9decin pour \u00eatre rassur\u00e9e.<\/p>\n\n\n\n<h2 class=\"wp-block-heading\">Combien de temps dure la paralysie ?<\/h2>\n\n\n\n<p>La patience est la cl\u00e9 de la gu\u00e9rison, car le nerf doit d\u00e9gonfler progressivement :<\/p>\n\n\n\n<ol start=\"1\" class=\"wp-block-list\">\n<li><strong>Phase d&rsquo;installation :<\/strong> Les sympt\u00f4mes atteignent leur maximum en 48 \u00e0 72 heures.<\/li>\n\n\n\n<li><strong>Premiers signes d&rsquo;am\u00e9lioration :<\/strong> Ils apparaissent g\u00e9n\u00e9ralement sous <strong>2 \u00e0 3 semaines<\/strong>.<\/li>\n\n\n\n<li><strong>Gu\u00e9rison compl\u00e8te :<\/strong> La grande majorit\u00e9 des patients r\u00e9cup\u00e8rent totalement en <strong>3 \u00e0 6 mois<\/strong>.<\/li>\n<\/ol>\n\n\n\n<h2 class=\"wp-block-heading\">Les 3 r\u00e9flexes \u00e0 avoir imm\u00e9diatement<\/h2>\n\n\n\n<h3 class=\"wp-block-heading\">1. Consulter en urgence<\/h3>\n\n\n\n<p>M\u00eame si la paralysie de Bell est souvent b\u00e9nigne, seul un m\u00e9decin peut \u00e9liminer des causes plus graves (comme une infection sp\u00e9cifique ou un probl\u00e8me neurologique). <strong>Appelez le 15 ou consultez imm\u00e9diatement<\/strong> si la paralysie s&rsquo;accompagne d&rsquo;une grande fatigue, de maux de t\u00eate violents ou de difficult\u00e9s \u00e0 bouger un membre.<\/p>\n\n\n\n<h3 class=\"wp-block-heading\">2. Prot\u00e9ger l&rsquo;\u0153il (Crucial !)<\/h3>\n\n\n\n<p>Puisque l\u2019\u0153il ne se ferme plus (clignement impossible), il se dess\u00e8che et risque des l\u00e9sions de la corn\u00e9e.<\/p>\n\n\n\n<ul class=\"wp-block-list\">\n<li>Utilisez des larmes artificielles la journ\u00e9e.<\/li>\n\n\n\n<li>Appliquez une pommade ophtalmique protectrice le soir.<\/li>\n\n\n\n<li>Fermez doucement la paupi\u00e8re de l&rsquo;enfant avec un pansement doux durant son sommeil.<\/li>\n<\/ul>\n\n\n\n<h3 class=\"wp-block-heading\">3. Le suivi m\u00e9dical<\/h3>\n\n\n\n<p>Le p\u00e9diatre pourra prescrire, si n\u00e9cessaire, un traitement court \u00e0 base de cortico\u00efdes pour r\u00e9duire l&rsquo;inflammation du nerf et acc\u00e9l\u00e9rer la r\u00e9cup\u00e9ration. Dans certains cas, quelques s\u00e9ances de kin\u00e9sith\u00e9rapie faciale ludique peuvent aider l&rsquo;enfant \u00e0 retrouver sa mobilit\u00e9.<\/p>\n\n\n\n<hr class=\"wp-block-separator has-alpha-channel-opacity\"\/>\n\n\n\n<p><em>Vous avez une question sur la sant\u00e9 de votre enfant ? Nos pharmaciens et experts sont disponibles pour vous r\u00e9pondre sur le chat MyClinia.<\/em><\/p>\n\n\n\n<div style=\"background-color: #f0f7ff; padding: 30px; border-radius: 20px; border: 1px solid #004a99; text-align: center; margin-top: 40px;\">\n    <h3 style=\"color: #004a99; margin-top: 0;\">Un doute ? Ne restez pas sans r\u00e9ponse.<\/h3>\n    <p style=\"color: #4b5563; margin-bottom: 25px;\">Nos pharmaciens experts vous r\u00e9pondent imm\u00e9diatement.<\/p>\n    \n    <div style=\"display: flex; gap: 15px; justify-content: center; flex-wrap: wrap;\">\n        <a href=\"https:\/\/www.myclinia.com\/en\/clinia-chat-bleu\/\" style=\"background-color: #004a99; color: white; padding: 12px 25px; border-radius: 12px; text-decoration: none; font-weight: bold; display: inline-block;\">\n            \ud83d\udc68\u200d\u2695\ufe0f Conseil M\u00e9dical\n        <\/a>\n        \n        <a href=\"https:\/\/www.myclinia.com\/en\/clinia-chat-vert\/\" style=\"background-color: #16a34a; color: white; padding: 12px 25px; border-radius: 12px; text-decoration: none; font-weight: bold; display: inline-block;\">\n            \ud83c\udf3f Phyto &#038; Hom\u00e9o\n        <\/a>\n    <\/div>\n<\/div>","protected":false},"excerpt":{"rendered":"<p>La d\u00e9couverte d&rsquo;une paralysie faciale chez un enfant, surtout lorsqu&rsquo;elle touche un petit de 4 ans, est une exp\u00e9rience particuli\u00e8rement [&hellip;]<\/p>\n","protected":false},"author":1,"featured_media":0,"comment_status":"open","ping_status":"open","sticky":false,"template":"","format":"standard","meta":{"site-sidebar-layout":"default","site-content-layout":"","ast-site-content-layout":"default","site-content-style":"default","site-sidebar-style":"default","ast-global-header-display":"","ast-banner-title-visibility":"","ast-main-header-display":"","ast-hfb-above-header-display":"","ast-hfb-below-header-display":"","ast-hfb-mobile-header-display":"","site-post-title":"","ast-breadcrumbs-content":"","ast-featured-img":"","footer-sml-layout":"","ast-disable-related-posts":"","theme-transparent-header-meta":"","adv-header-id-meta":"","stick-header-meta":"","header-above-stick-meta":"","header-main-stick-meta":"","header-below-stick-meta":"","astra-migrate-meta-layouts":"default","ast-page-background-enabled":"default","ast-page-background-meta":{"desktop":{"background-color":"var(--ast-global-color-5)","background-image":"","background-repeat":"repeat","background-position":"center center","background-size":"auto","background-attachment":"scroll","background-type":"","background-media":"","overlay-type":"","overlay-color":"","overlay-opacity":"","overlay-gradient":""},"tablet":{"background-color":"","background-image":"","background-repeat":"repeat","background-position":"center center","background-size":"auto","background-attachment":"scroll","background-type":"","background-media":"","overlay-type":"","overlay-color":"","overlay-opacity":"","overlay-gradient":""},"mobile":{"background-color":"","background-image":"","background-repeat":"repeat","background-position":"center center","background-size":"auto","background-attachment":"scroll","background-type":"","background-media":"","overlay-type":"","overlay-color":"","overlay-opacity":"","overlay-gradient":""}},"ast-content-background-meta":{"desktop":{"background-color":"var(--ast-global-color-4)","background-image":"","background-repeat":"repeat","background-position":"center center","background-size":"auto","background-attachment":"scroll","background-type":"","background-media":"","overlay-type":"","overlay-color":"","overlay-opacity":"","overlay-gradient":""},"tablet":{"background-color":"var(--ast-global-color-4)","background-image":"","background-repeat":"repeat","background-position":"center center","background-size":"auto","background-attachment":"scroll","background-type":"","background-media":"","overlay-type":"","overlay-color":"","overlay-opacity":"","overlay-gradient":""},"mobile":{"background-color":"var(--ast-global-color-4)","background-image":"","background-repeat":"repeat","background-position":"center center","background-size":"auto","background-attachment":"scroll","background-type":"","background-media":"","overlay-type":"","overlay-color":"","overlay-opacity":"","overlay-gradient":""}},"footnotes":""},"categories":[57],"tags":[151,152,153,154],"class_list":["post-296","post","type-post","status-publish","format-standard","hentry","category-sante-au-quotidien","tag-paralysie-de-bell","tag-paralysie-faciale-enfant","tag-pediatrie","tag-symptomes-grossesse"],"_links":{"self":[{"href":"https:\/\/www.myclinia.com\/en\/wp-json\/wp\/v2\/posts\/296","targetHints":{"allow":["GET"]}}],"collection":[{"href":"https:\/\/www.myclinia.com\/en\/wp-json\/wp\/v2\/posts"}],"about":[{"href":"https:\/\/www.myclinia.com\/en\/wp-json\/wp\/v2\/types\/post"}],"author":[{"embeddable":true,"href":"https:\/\/www.myclinia.com\/en\/wp-json\/wp\/v2\/users\/1"}],"replies":[{"embeddable":true,"href":"https:\/\/www.myclinia.com\/en\/wp-json\/wp\/v2\/comments?post=296"}],"version-history":[{"count":1,"href":"https:\/\/www.myclinia.com\/en\/wp-json\/wp\/v2\/posts\/296\/revisions"}],"predecessor-version":[{"id":297,"href":"https:\/\/www.myclinia.com\/en\/wp-json\/wp\/v2\/posts\/296\/revisions\/297"}],"wp:attachment":[{"href":"https:\/\/www.myclinia.com\/en\/wp-json\/wp\/v2\/media?parent=296"}],"wp:term":[{"taxonomy":"category","embeddable":true,"href":"https:\/\/www.myclinia.com\/en\/wp-json\/wp\/v2\/categories?post=296"},{"taxonomy":"post_tag","embeddable":true,"href":"https:\/\/www.myclinia.com\/en\/wp-json\/wp\/v2\/tags?post=296"}],"curies":[{"name":"wp","href":"https:\/\/api.w.org\/{rel}","templated":true}]}}